{"id":7437,"date":"2021-03-18T14:07:29","date_gmt":"2021-03-18T13:07:29","guid":{"rendered":"https:\/\/amladcykler.com\/uncategorized-no\/elektrisk-lastesykkel-ultimate-harmony-amcargobikes\/"},"modified":"2025-01-07T09:51:10","modified_gmt":"2025-01-07T08:51:10","slug":"elektrisk-lastesykkel-ultimate-harmony-amcargobikes","status":"publish","type":"post","link":"https:\/\/amladcykler.com\/no\/elektrisk-lastesykkel-ultimate-harmony-amcargobikes\/","title":{"rendered":"Elektrisk lastesykkel Ultimate Harmony &#8211; Amcargobikes"},"content":{"rendered":"\n<h2 class=\"wp-block-heading\">Elektrisk lastesykkel Ultimate Harmony &#8211; Amcargobikes<\/h2>\n\n<figure class=\"wp-block-image size-full\"><img decoding=\"async\" width=\"1500\" height=\"1125\" src=\"https:\/\/amladcykler.com\/wp-content\/uploads\/2021\/03\/Harmony.jpg\" alt=\"Elektrisk lastesykkel - Ultimate Harmony\" class=\"wp-image-2868\" srcset=\"https:\/\/amladcykler.com\/wp-content\/uploads\/2021\/03\/Harmony.jpg 1500w, https:\/\/amladcykler.com\/wp-content\/uploads\/2021\/03\/Harmony-600x450.jpg 600w, https:\/\/amladcykler.com\/wp-content\/uploads\/2021\/03\/Harmony-768x576.jpg 768w\" sizes=\"(max-width: 1500px) 100vw, 1500px\" \/><figcaption class=\"wp-element-caption\">Elektrisk lastesykkel &#8211; Ultimate Harmony &#8211; Amcargobikes &#8211; Amladcykler<\/figcaption><\/figure>\n\n<p class=\"wp-block-paragraph\">Elektrisk lastesykkel &#8211; Ultimate Harmony! Vi vil gjerne introdusere deg for v\u00e5r nyeste elektriske lastesykkel fra Amcargobikes, Ultimate Harmony. V\u00e5r nye elektriske lastesykkel har en vakker og eksklusiv kasse i svart poppeltre og en elegant &laquo;slank design&raquo;. V\u00e5r nye toppmodell er perfekt for deg som \u00f8nsker en lastesykkel i toppklasse, der b\u00e5de design og funksjonalitet er i fokus. Alle v\u00e5re lastesykler er 100 % danskproduserte.    <\/p>\n\n<p class=\"wp-block-paragraph\">Ultimate Harmony leveres med v\u00e5rt nye antitiltsystem og hydrauliske skivebremser fra BENGAL p\u00e5 b\u00e5de for- og bakhjul. Dette bremsesystemet krever mindre vedlikehold og minimerer bruken av h\u00e5ndkraft ved bruk av h\u00e5ndbremsene. Bremsene er dessuten utstyrt med det nyeste elektroniske autostoppsystemet.  <\/p>\n\n<p class=\"wp-block-paragraph\">Med Ultimate Harmony f\u00e5r du ogs\u00e5 3 sterke punkteringsfrie dekk, slik at risikoen for punktering blir minimal. Denne nye kvalitetslastesykkelen leveres med en kraftig 250 W motor, og du kan sykle opptil 65 km. \/ 40 miles per lading, med det kraftige 14 Ah-batteriet (selv om vinteren). Sykkelen leveres med en brukervennlig LCD-skjerm.   <\/p>\n\n<p class=\"wp-block-paragraph\">Bestill din nye Ultimate Harmony i dag<\/p>\n\n<p class=\"wp-block-paragraph\">N\u00e5r du kj\u00f8per v\u00e5r nye elektriske lastesykkel, vil f\u00f8lgende v\u00e6re inkludert:<\/p>\n\n<h4 class=\"wp-block-heading\"><strong>Ultimate Harmony:<\/strong><\/h4>\n\n<ul class=\"wp-block-list\">\n<li><strong>Styring:<\/strong> Det nyeste patenterte &laquo;Anti-Tilt&raquo;-styrings-\/styrestangsystemet med selvjusterende funksjon. Gj\u00f8r det superenkelt \u00e5 svinge og styre, og retter seg automatisk opp <\/li>\n\n\n\n<li><strong>Motor: <\/strong>Kraftig 250 W b\u00f8rstel\u00f8s motor med den nyeste teknologien for lavt energiforbruk og st\u00f8yfri drift<\/li>\n\n\n\n<li><strong>Batteri: <\/strong>36 V, 14 ah Li-ion-batteri &#8211; 504 WH &#8211; med tyverisikring, CE-, GS- og T\u00dcV-godkjent<\/li>\n\n\n\n<li><strong>Gir: <\/strong>7 utvendige Shimano Tourney (SIS)-gir med fril\u00f8p og Shimano girskift<\/li>\n\n\n\n<li><strong>Bremser: <\/strong>Tektro hydrauliske bremser foran og bak med elektrisk bremsesystem + parkeringsbrems<\/li>\n\n\n\n<li><strong>Bake lys: <\/strong>Automatisk bremselys. Lyser opp n\u00e5r du bremser <\/li>\n\n\n\n<li><strong>Lastekapasitet<\/strong>: 150 kg.<\/li>\n\n\n\n<li><strong>Vekt:<\/strong> 47 kg.<\/li>\n\n\n\n<li><strong>Dimensjoner:<\/strong> 222 cm x 118 cm x 82 cm (L x B x H).<\/li>\n<\/ul>\n\n<h4 class=\"wp-block-heading\"><strong> <\/strong><\/h4>\n\n<h4 class=\"wp-block-heading\"><strong>Tilbeh\u00f8r:<\/strong><\/h4>\n\n<ul class=\"wp-block-list\">\n<li>Avtakbart kalesjesystem med gjennomsiktig panoramakalesje og inngang fra sidene<\/li>\n\n\n\n<li>Front- og bakskjermer av h\u00f8y kvalitet<\/li>\n\n\n\n<li>Bagasjestativ med stropper<\/li>\n\n\n\n<li>Kjededeksel<\/li>\n\n\n\n<li>Klokke og flere reflektorer<\/li>\n\n\n\n<li>2 x kraftige LED-frontlykter og 1 x baklys<\/li>\n\n\n\n<li>Sikkerhetsbelter for 4 barn (2-punkts sikkerhetsbelter)<\/li>\n\n\n\n<li>Barnebenk for 4 barn<\/li>\n\n\n\n<li>Trinnbrett for barn<\/li>\n<\/ul>\n\n<p class=\"wp-block-paragraph\">Bestill Ultimate Harmony <strong><u><a href=\"https:\/\/amladcykler.com\/no\/product\/el-lastesykkel-ultimate-harmony\/\" target=\"_blank\" rel=\"noreferrer noopener\">her<\/a><\/u><\/strong>.<\/p>\n\n<p class=\"wp-block-paragraph\">Se v\u00e5rt utvalg av tilbeh\u00f8r og deler <strong><u><a href=\"https:\/\/amladcykler.com\/no\/product-category\/tilbehor-til-lastesykkel\/\" target=\"_blank\" rel=\"noreferrer noopener\">her.<\/a><\/u><\/strong><\/p>\n\n<p class=\"wp-block-paragraph\"><strong>Ta gjerne kontakt med oss hvis du har noen sp\u00f8rsm\u00e5l<\/strong><\/p>\n\n<p class=\"wp-block-paragraph\"><a href=\"tel:+4550479845\">+45 5047 9845<\/a> K\u00f8benhavn<\/p>\n\n<p class=\"wp-block-paragraph\"><a href=\"tel:+447376019977\">+44 73760 19977<\/a> London &#8211; Cyclop Bikes<\/p>\n\n<p class=\"wp-block-paragraph\">F\u00f8lg oss p\u00e5 Instagram <strong><a href=\"https:\/\/www.instagram.com\/amladcykler\/?hl=da\" target=\"_blank\" rel=\"noreferrer noopener\"><u>her<\/u><\/a><\/strong>.<\/p>\n","protected":false},"excerpt":{"rendered":"<p>Elektrisk lastesykkel Ultimate Harmony &#8211; Amcargobikes Elektrisk lastesykkel &#8211; Ultimate Harmony! Vi vil gjerne introdusere deg for v\u00e5r nyeste elektriske lastesykkel fra Amcargobikes, Ultimate Harmony. V\u00e5r nye elektriske lastesykkel har en vakker og eksklusiv kasse i svart poppeltre og en elegant &laquo;slank design&raquo;. V\u00e5r nye toppmodell er perfekt for deg som \u00f8nsker en lastesykkel i [&#8230;]\n","protected":false},"author":9,"featured_media":0,"comment_status":"closed","ping_status":"open","sticky":false,"template":"","format":"standard","meta":{"footnotes":""},"categories":[95],"tags":[],"class_list":["post-7437","post","type-post","status-publish","format-standard","hentry","category-uncategorized-no"],"yoast_head":"<!-- This site is optimized with the Yoast SEO plugin v28.4 - https:\/\/yoast.com\/product\/yoast-seo-wordpress\/ -->\n<title>Elektrisk lastesykkel Ultimate Harmony - Amcargobikes - Amladcykler.com<\/title>\n<meta name=\"description\" content=\"Elektrisk lastesykkel - Ultimate Harmony! Vi vil gjerne introdusere deg for v\u00e5r nyeste elektriske lastesykkel fra Amcargobikes, Ultimate Harmony\" \/>\n<meta name=\"robots\" content=\"index, follow, max-snippet:-1, max-image-preview:large, max-video-preview:-1\" \/>\n<link rel=\"canonical\" href=\"https:\/\/amladcykler.com\/no\/elektrisk-lastesykkel-ultimate-harmony-amcargobikes\/\" \/>\n<meta property=\"og:locale\" content=\"nb_NO\" \/>\n<meta property=\"og:type\" content=\"article\" \/>\n<meta property=\"og:title\" content=\"Elektrisk lastesykkel Ultimate Harmony - Amcargobikes - Amladcykler.com\" \/>\n<meta property=\"og:description\" content=\"Elektrisk lastesykkel - Ultimate Harmony! Vi vil gjerne introdusere deg for v\u00e5r nyeste elektriske lastesykkel fra Amcargobikes, Ultimate Harmony\" \/>\n<meta property=\"og:url\" content=\"https:\/\/amladcykler.com\/no\/elektrisk-lastesykkel-ultimate-harmony-amcargobikes\/\" \/>\n<meta property=\"og:site_name\" content=\"Amladcykler.com\" \/>\n<meta property=\"article:publisher\" content=\"https:\/\/www.facebook.com\/ladcykel\" \/>\n<meta property=\"article:published_time\" content=\"2021-03-18T13:07:29+00:00\" \/>\n<meta property=\"article:modified_time\" content=\"2025-01-07T08:51:10+00:00\" \/>\n<meta property=\"og:image\" content=\"https:\/\/amladcykler.com\/wp-content\/uploads\/2021\/03\/Harmony.jpg\" \/>\n<meta name=\"author\" content=\"Amladcykler.com\" \/>\n<meta name=\"twitter:card\" content=\"summary_large_image\" \/>\n<meta name=\"twitter:creator\" content=\"@amladcykler\" \/>\n<meta name=\"twitter:site\" content=\"@amladcykler\" \/>\n<meta name=\"twitter:label1\" content=\"Skrevet av\" \/>\n\t<meta name=\"twitter:data1\" content=\"Amladcykler.com\" \/>\n\t<meta name=\"twitter:label2\" content=\"Ansl. lesetid\" \/>\n\t<meta name=\"twitter:data2\" content=\"2 minutter\" \/>\n<script type=\"application\/ld+json\" class=\"yoast-schema-graph\">{\"@context\":\"https:\\\/\\\/schema.org\",\"@graph\":[{\"@type\":\"Article\",\"@id\":\"https:\\\/\\\/amladcykler.com\\\/no\\\/elektrisk-lastesykkel-ultimate-harmony-amcargobikes\\\/#article\",\"isPartOf\":{\"@id\":\"https:\\\/\\\/amladcykler.com\\\/no\\\/elektrisk-lastesykkel-ultimate-harmony-amcargobikes\\\/\"},\"author\":{\"name\":\"Amladcykler.com\",\"@id\":\"https:\\\/\\\/amladcykler.com\\\/no\\\/#\\\/schema\\\/person\\\/63f83fedc49aa980da4143fd2cbbf54f\"},\"headline\":\"Elektrisk lastesykkel Ultimate Harmony &#8211; Amcargobikes\",\"datePublished\":\"2021-03-18T13:07:29+00:00\",\"dateModified\":\"2025-01-07T08:51:10+00:00\",\"mainEntityOfPage\":{\"@id\":\"https:\\\/\\\/amladcykler.com\\\/no\\\/elektrisk-lastesykkel-ultimate-harmony-amcargobikes\\\/\"},\"wordCount\":389,\"publisher\":{\"@id\":\"https:\\\/\\\/amladcykler.com\\\/no\\\/#organization\"},\"image\":{\"@id\":\"https:\\\/\\\/amladcykler.com\\\/no\\\/elektrisk-lastesykkel-ultimate-harmony-amcargobikes\\\/#primaryimage\"},\"thumbnailUrl\":\"https:\\\/\\\/amladcykler.com\\\/wp-content\\\/uploads\\\/2021\\\/03\\\/Harmony.jpg\",\"articleSection\":[\"Uncategorized @no\"],\"inLanguage\":\"nb-NO\"},{\"@type\":\"WebPage\",\"@id\":\"https:\\\/\\\/amladcykler.com\\\/no\\\/elektrisk-lastesykkel-ultimate-harmony-amcargobikes\\\/\",\"url\":\"https:\\\/\\\/amladcykler.com\\\/no\\\/elektrisk-lastesykkel-ultimate-harmony-amcargobikes\\\/\",\"name\":\"Elektrisk lastesykkel Ultimate Harmony - Amcargobikes - Amladcykler.com\",\"isPartOf\":{\"@id\":\"https:\\\/\\\/amladcykler.com\\\/no\\\/#website\"},\"primaryImageOfPage\":{\"@id\":\"https:\\\/\\\/amladcykler.com\\\/no\\\/elektrisk-lastesykkel-ultimate-harmony-amcargobikes\\\/#primaryimage\"},\"image\":{\"@id\":\"https:\\\/\\\/amladcykler.com\\\/no\\\/elektrisk-lastesykkel-ultimate-harmony-amcargobikes\\\/#primaryimage\"},\"thumbnailUrl\":\"https:\\\/\\\/amladcykler.com\\\/wp-content\\\/uploads\\\/2021\\\/03\\\/Harmony.jpg\",\"datePublished\":\"2021-03-18T13:07:29+00:00\",\"dateModified\":\"2025-01-07T08:51:10+00:00\",\"description\":\"Elektrisk lastesykkel - Ultimate Harmony! Vi vil gjerne introdusere deg for v\u00e5r nyeste elektriske lastesykkel fra Amcargobikes, Ultimate Harmony\",\"breadcrumb\":{\"@id\":\"https:\\\/\\\/amladcykler.com\\\/no\\\/elektrisk-lastesykkel-ultimate-harmony-amcargobikes\\\/#breadcrumb\"},\"inLanguage\":\"nb-NO\",\"potentialAction\":[{\"@type\":\"ReadAction\",\"target\":[\"https:\\\/\\\/amladcykler.com\\\/no\\\/elektrisk-lastesykkel-ultimate-harmony-amcargobikes\\\/\"]}]},{\"@type\":\"ImageObject\",\"inLanguage\":\"nb-NO\",\"@id\":\"https:\\\/\\\/amladcykler.com\\\/no\\\/elektrisk-lastesykkel-ultimate-harmony-amcargobikes\\\/#primaryimage\",\"url\":\"https:\\\/\\\/amladcykler.com\\\/wp-content\\\/uploads\\\/2021\\\/03\\\/Harmony.jpg\",\"contentUrl\":\"https:\\\/\\\/amladcykler.com\\\/wp-content\\\/uploads\\\/2021\\\/03\\\/Harmony.jpg\"},{\"@type\":\"BreadcrumbList\",\"@id\":\"https:\\\/\\\/amladcykler.com\\\/no\\\/elektrisk-lastesykkel-ultimate-harmony-amcargobikes\\\/#breadcrumb\",\"itemListElement\":[{\"@type\":\"ListItem\",\"position\":1,\"name\":\"Home\",\"item\":\"https:\\\/\\\/amladcykler.com\\\/no\\\/\"},{\"@type\":\"ListItem\",\"position\":2,\"name\":\"Elektrisk lastesykkel Ultimate Harmony &#8211; Amcargobikes\"}]},{\"@type\":\"WebSite\",\"@id\":\"https:\\\/\\\/amladcykler.com\\\/no\\\/#website\",\"url\":\"https:\\\/\\\/amladcykler.com\\\/no\\\/\",\"name\":\"Amladcykler.com\",\"description\":\"Cargo bike enthusiasts, since 1992\",\"publisher\":{\"@id\":\"https:\\\/\\\/amladcykler.com\\\/no\\\/#organization\"},\"potentialAction\":[{\"@type\":\"SearchAction\",\"target\":{\"@type\":\"EntryPoint\",\"urlTemplate\":\"https:\\\/\\\/amladcykler.com\\\/no\\\/?s={search_term_string}\"},\"query-input\":{\"@type\":\"PropertyValueSpecification\",\"valueRequired\":true,\"valueName\":\"search_term_string\"}}],\"inLanguage\":\"nb-NO\"},{\"@type\":\"Organization\",\"@id\":\"https:\\\/\\\/amladcykler.com\\\/no\\\/#organization\",\"name\":\"Andersen & Meldgaard A\\\/S\",\"url\":\"https:\\\/\\\/amladcykler.com\\\/no\\\/\",\"logo\":{\"@type\":\"ImageObject\",\"inLanguage\":\"nb-NO\",\"@id\":\"https:\\\/\\\/amladcykler.com\\\/no\\\/#\\\/schema\\\/logo\\\/image\\\/\",\"url\":\"https:\\\/\\\/amladcykler.com\\\/wp-content\\\/uploads\\\/2025\\\/03\\\/Amladcykler.com-logo-1025x1025-Uden-baggrund.png\",\"contentUrl\":\"https:\\\/\\\/amladcykler.com\\\/wp-content\\\/uploads\\\/2025\\\/03\\\/Amladcykler.com-logo-1025x1025-Uden-baggrund.png\",\"width\":1025,\"height\":1025,\"caption\":\"Andersen & Meldgaard A\\\/S\"},\"image\":{\"@id\":\"https:\\\/\\\/amladcykler.com\\\/no\\\/#\\\/schema\\\/logo\\\/image\\\/\"},\"sameAs\":[\"https:\\\/\\\/www.facebook.com\\\/ladcykel\",\"https:\\\/\\\/x.com\\\/amladcykler\",\"https:\\\/\\\/www.linkedin.com\\\/company\\\/amladcykler\\\/\",\"https:\\\/\\\/www.youtube.com\\\/channel\\\/UCG9qwiqZHe9bDeCzHYcc0eQ\",\"https:\\\/\\\/www.instagram.com\\\/amladcykler\\\/\"]},{\"@type\":\"Person\",\"@id\":\"https:\\\/\\\/amladcykler.com\\\/no\\\/#\\\/schema\\\/person\\\/63f83fedc49aa980da4143fd2cbbf54f\",\"name\":\"Amladcykler.com\",\"image\":{\"@type\":\"ImageObject\",\"inLanguage\":\"nb-NO\",\"@id\":\"https:\\\/\\\/secure.gravatar.com\\\/avatar\\\/c4b43877bfad017d4e35bd4de5f48c0e8deb7e6ed101dda119e76dbe8f0ae1cb?s=96&d=blank&r=g\",\"url\":\"https:\\\/\\\/secure.gravatar.com\\\/avatar\\\/c4b43877bfad017d4e35bd4de5f48c0e8deb7e6ed101dda119e76dbe8f0ae1cb?s=96&d=blank&r=g\",\"contentUrl\":\"https:\\\/\\\/secure.gravatar.com\\\/avatar\\\/c4b43877bfad017d4e35bd4de5f48c0e8deb7e6ed101dda119e76dbe8f0ae1cb?s=96&d=blank&r=g\",\"caption\":\"Amladcykler.com\"}}]}<\/script>\n<!-- \/ Yoast SEO plugin. -->","yoast_head_json":{"title":"Elektrisk lastesykkel Ultimate Harmony - Amcargobikes - Amladcykler.com","description":"Elektrisk lastesykkel - Ultimate Harmony! Vi vil gjerne introdusere deg for v\u00e5r nyeste elektriske lastesykkel fra Amcargobikes, Ultimate Harmony","robots":{"index":"index","follow":"follow","max-snippet":"max-snippet:-1","max-image-preview":"max-image-preview:large","max-video-preview":"max-video-preview:-1"},"canonical":"https:\/\/amladcykler.com\/no\/elektrisk-lastesykkel-ultimate-harmony-amcargobikes\/","og_locale":"nb_NO","og_type":"article","og_title":"Elektrisk lastesykkel Ultimate Harmony - Amcargobikes - Amladcykler.com","og_description":"Elektrisk lastesykkel - Ultimate Harmony! Vi vil gjerne introdusere deg for v\u00e5r nyeste elektriske lastesykkel fra Amcargobikes, Ultimate Harmony","og_url":"https:\/\/amladcykler.com\/no\/elektrisk-lastesykkel-ultimate-harmony-amcargobikes\/","og_site_name":"Amladcykler.com","article_publisher":"https:\/\/www.facebook.com\/ladcykel","article_published_time":"2021-03-18T13:07:29+00:00","article_modified_time":"2025-01-07T08:51:10+00:00","og_image":[{"url":"https:\/\/amladcykler.com\/wp-content\/uploads\/2021\/03\/Harmony.jpg","type":"","width":"","height":""}],"author":"Amladcykler.com","twitter_card":"summary_large_image","twitter_creator":"@amladcykler","twitter_site":"@amladcykler","twitter_misc":{"Skrevet av":"Amladcykler.com","Ansl. lesetid":"2 minutter"},"schema":{"@context":"https:\/\/schema.org","@graph":[{"@type":"Article","@id":"https:\/\/amladcykler.com\/no\/elektrisk-lastesykkel-ultimate-harmony-amcargobikes\/#article","isPartOf":{"@id":"https:\/\/amladcykler.com\/no\/elektrisk-lastesykkel-ultimate-harmony-amcargobikes\/"},"author":{"name":"Amladcykler.com","@id":"https:\/\/amladcykler.com\/no\/#\/schema\/person\/63f83fedc49aa980da4143fd2cbbf54f"},"headline":"Elektrisk lastesykkel Ultimate Harmony &#8211; Amcargobikes","datePublished":"2021-03-18T13:07:29+00:00","dateModified":"2025-01-07T08:51:10+00:00","mainEntityOfPage":{"@id":"https:\/\/amladcykler.com\/no\/elektrisk-lastesykkel-ultimate-harmony-amcargobikes\/"},"wordCount":389,"publisher":{"@id":"https:\/\/amladcykler.com\/no\/#organization"},"image":{"@id":"https:\/\/amladcykler.com\/no\/elektrisk-lastesykkel-ultimate-harmony-amcargobikes\/#primaryimage"},"thumbnailUrl":"https:\/\/amladcykler.com\/wp-content\/uploads\/2021\/03\/Harmony.jpg","articleSection":["Uncategorized @no"],"inLanguage":"nb-NO"},{"@type":"WebPage","@id":"https:\/\/amladcykler.com\/no\/elektrisk-lastesykkel-ultimate-harmony-amcargobikes\/","url":"https:\/\/amladcykler.com\/no\/elektrisk-lastesykkel-ultimate-harmony-amcargobikes\/","name":"Elektrisk lastesykkel Ultimate Harmony - Amcargobikes - Amladcykler.com","isPartOf":{"@id":"https:\/\/amladcykler.com\/no\/#website"},"primaryImageOfPage":{"@id":"https:\/\/amladcykler.com\/no\/elektrisk-lastesykkel-ultimate-harmony-amcargobikes\/#primaryimage"},"image":{"@id":"https:\/\/amladcykler.com\/no\/elektrisk-lastesykkel-ultimate-harmony-amcargobikes\/#primaryimage"},"thumbnailUrl":"https:\/\/amladcykler.com\/wp-content\/uploads\/2021\/03\/Harmony.jpg","datePublished":"2021-03-18T13:07:29+00:00","dateModified":"2025-01-07T08:51:10+00:00","description":"Elektrisk lastesykkel - Ultimate Harmony! Vi vil gjerne introdusere deg for v\u00e5r nyeste elektriske lastesykkel fra Amcargobikes, Ultimate Harmony","breadcrumb":{"@id":"https:\/\/amladcykler.com\/no\/elektrisk-lastesykkel-ultimate-harmony-amcargobikes\/#breadcrumb"},"inLanguage":"nb-NO","potentialAction":[{"@type":"ReadAction","target":["https:\/\/amladcykler.com\/no\/elektrisk-lastesykkel-ultimate-harmony-amcargobikes\/"]}]},{"@type":"ImageObject","inLanguage":"nb-NO","@id":"https:\/\/amladcykler.com\/no\/elektrisk-lastesykkel-ultimate-harmony-amcargobikes\/#primaryimage","url":"https:\/\/amladcykler.com\/wp-content\/uploads\/2021\/03\/Harmony.jpg","contentUrl":"https:\/\/amladcykler.com\/wp-content\/uploads\/2021\/03\/Harmony.jpg"},{"@type":"BreadcrumbList","@id":"https:\/\/amladcykler.com\/no\/elektrisk-lastesykkel-ultimate-harmony-amcargobikes\/#breadcrumb","itemListElement":[{"@type":"ListItem","position":1,"name":"Home","item":"https:\/\/amladcykler.com\/no\/"},{"@type":"ListItem","position":2,"name":"Elektrisk lastesykkel Ultimate Harmony &#8211; Amcargobikes"}]},{"@type":"WebSite","@id":"https:\/\/amladcykler.com\/no\/#website","url":"https:\/\/amladcykler.com\/no\/","name":"Amladcykler.com","description":"Cargo bike enthusiasts, since 1992","publisher":{"@id":"https:\/\/amladcykler.com\/no\/#organization"},"potentialAction":[{"@type":"SearchAction","target":{"@type":"EntryPoint","urlTemplate":"https:\/\/amladcykler.com\/no\/?s={search_term_string}"},"query-input":{"@type":"PropertyValueSpecification","valueRequired":true,"valueName":"search_term_string"}}],"inLanguage":"nb-NO"},{"@type":"Organization","@id":"https:\/\/amladcykler.com\/no\/#organization","name":"Andersen & Meldgaard A\/S","url":"https:\/\/amladcykler.com\/no\/","logo":{"@type":"ImageObject","inLanguage":"nb-NO","@id":"https:\/\/amladcykler.com\/no\/#\/schema\/logo\/image\/","url":"https:\/\/amladcykler.com\/wp-content\/uploads\/2025\/03\/Amladcykler.com-logo-1025x1025-Uden-baggrund.png","contentUrl":"https:\/\/amladcykler.com\/wp-content\/uploads\/2025\/03\/Amladcykler.com-logo-1025x1025-Uden-baggrund.png","width":1025,"height":1025,"caption":"Andersen & Meldgaard A\/S"},"image":{"@id":"https:\/\/amladcykler.com\/no\/#\/schema\/logo\/image\/"},"sameAs":["https:\/\/www.facebook.com\/ladcykel","https:\/\/x.com\/amladcykler","https:\/\/www.linkedin.com\/company\/amladcykler\/","https:\/\/www.youtube.com\/channel\/UCG9qwiqZHe9bDeCzHYcc0eQ","https:\/\/www.instagram.com\/amladcykler\/"]},{"@type":"Person","@id":"https:\/\/amladcykler.com\/no\/#\/schema\/person\/63f83fedc49aa980da4143fd2cbbf54f","name":"Amladcykler.com","image":{"@type":"ImageObject","inLanguage":"nb-NO","@id":"https:\/\/secure.gravatar.com\/avatar\/c4b43877bfad017d4e35bd4de5f48c0e8deb7e6ed101dda119e76dbe8f0ae1cb?s=96&d=blank&r=g","url":"https:\/\/secure.gravatar.com\/avatar\/c4b43877bfad017d4e35bd4de5f48c0e8deb7e6ed101dda119e76dbe8f0ae1cb?s=96&d=blank&r=g","contentUrl":"https:\/\/secure.gravatar.com\/avatar\/c4b43877bfad017d4e35bd4de5f48c0e8deb7e6ed101dda119e76dbe8f0ae1cb?s=96&d=blank&r=g","caption":"Amladcykler.com"}}]}},"_links":{"self":[{"href":"https:\/\/amladcykler.com\/no\/wp-json\/wp\/v2\/posts\/7437","targetHints":{"allow":["GET"]}}],"collection":[{"href":"https:\/\/amladcykler.com\/no\/wp-json\/wp\/v2\/posts"}],"about":[{"href":"https:\/\/amladcykler.com\/no\/wp-json\/wp\/v2\/types\/post"}],"author":[{"embeddable":true,"href":"https:\/\/amladcykler.com\/no\/wp-json\/wp\/v2\/users\/9"}],"replies":[{"embeddable":true,"href":"https:\/\/amladcykler.com\/no\/wp-json\/wp\/v2\/comments?post=7437"}],"version-history":[{"count":0,"href":"https:\/\/amladcykler.com\/no\/wp-json\/wp\/v2\/posts\/7437\/revisions"}],"wp:attachment":[{"href":"https:\/\/amladcykler.com\/no\/wp-json\/wp\/v2\/media?parent=7437"}],"wp:term":[{"taxonomy":"category","embeddable":true,"href":"https:\/\/amladcykler.com\/no\/wp-json\/wp\/v2\/categories?post=7437"},{"taxonomy":"post_tag","embeddable":true,"href":"https:\/\/amladcykler.com\/no\/wp-json\/wp\/v2\/tags?post=7437"}],"curies":[{"name":"wp","href":"https:\/\/api.w.org\/{rel}","templated":true}]}}