{"id":7442,"date":"2021-03-18T14:07:29","date_gmt":"2021-03-18T13:07:29","guid":{"rendered":"https:\/\/amladcykler.com\/unkategorisiert\/elektrisches-lastenfahrrad-ultimate-harmony-amcargobikes\/"},"modified":"2025-01-07T09:51:10","modified_gmt":"2025-01-07T08:51:10","slug":"elektrisches-lastenfahrrad-ultimate-harmony-amcargobikes","status":"publish","type":"post","link":"https:\/\/amladcykler.com\/de\/elektrisches-lastenfahrrad-ultimate-harmony-amcargobikes\/","title":{"rendered":"Elektrisches Lastenfahrrad Ultimate Harmony &#8211; Amcargobikes"},"content":{"rendered":"\n<h2 class=\"wp-block-heading\">Elektrisches Lastenfahrrad Ultimate Harmony &#8211; Amcargobikes<\/h2>\n\n<figure class=\"wp-block-image size-full\"><img decoding=\"async\" width=\"1500\" height=\"1125\" src=\"https:\/\/amladcykler.com\/wp-content\/uploads\/2021\/03\/Harmony.jpg\" alt=\"Elektrisches Lastenfahrrad - Ultimate Harmony\" class=\"wp-image-2868\" srcset=\"https:\/\/amladcykler.com\/wp-content\/uploads\/2021\/03\/Harmony.jpg 1500w, https:\/\/amladcykler.com\/wp-content\/uploads\/2021\/03\/Harmony-600x450.jpg 600w, https:\/\/amladcykler.com\/wp-content\/uploads\/2021\/03\/Harmony-768x576.jpg 768w\" sizes=\"(max-width: 1500px) 100vw, 1500px\" \/><figcaption class=\"wp-element-caption\">Elektrisches Lastenrad &#8211; Ultimate Harmony &#8211; Amcargobikes &#8211; Amladcykler<\/figcaption><\/figure>\n\n<p class=\"wp-block-paragraph\">Elektrisches Lastenfahrrad &#8211; Ultimate Harmony! Wir m\u00f6chten Ihnen unser neuestes elektrisches Lastenfahrrad von Amcargobikes, Ultimate Harmony, vorstellen. Unser neues elektrisches Lastenfahrrad hat einen sch\u00f6nen und exklusiven Kasten aus schwarzem Pappelholz und ein schlankes &#8222;Slim Design&#8220;. Unser neues Topmodell ist perfekt f\u00fcr Sie, wenn Sie ein Lastenrad der Spitzenklasse suchen, bei dem sowohl Design als auch Funktionalit\u00e4t im Mittelpunkt stehen. Alle unsere Lastenfahrr\u00e4der werden zu 100% in D\u00e4nemark hergestellt.    <\/p>\n\n<p class=\"wp-block-paragraph\">Ultimate Harmony ist mit unserem neuen Anti-Kipp-System und hydraulischen Scheibenbremsen von BENGAL an Vorder- und Hinterr\u00e4dern ausgestattet. Dieses Bremssystem erfordert weniger Wartung und minimiert den Einsatz von Handkraft, wenn Sie die Handbremsen benutzen. Au\u00dferdem sind diese Bremsen mit dem neuesten elektronischen Auto-Motor-Stopp-System ausgestattet.  <\/p>\n\n<p class=\"wp-block-paragraph\">Mit Ultimate Harmony erhalten Sie au\u00dferdem 3 starke Anti-Pannen-Reifen, so dass das Risiko einer Reifenpanne minimal ist. Dieses neue Qualit\u00e4ts-Lastenfahrrad ist mit einem leistungsstarken 250W Motor ausgestattet und Sie k\u00f6nnen bis zu 65 km fahren. \/ 40 Meilen pro Ladung mit dem leistungsstarken 14 Ah-Akku fahren (sogar im Winter). Das Fahrrad verf\u00fcgt \u00fcber ein benutzerfreundliches LCD-Display.   <\/p>\n\n<p class=\"wp-block-paragraph\">Bestellen Sie Ihre neue Ultimate Harmony noch heute<\/p>\n\n<p class=\"wp-block-paragraph\">Wenn Sie unser neues Electric Cargo Bike kaufen, ist Folgendes inbegriffen:<\/p>\n\n<h4 class=\"wp-block-heading\"><strong>Ultimative Harmonie:<\/strong><\/h4>\n\n<ul class=\"wp-block-list\">\n<li><strong>Lenkung:<\/strong> Neuestes, patentiertes &#8222;Anti-Tilt&#8220;-Lenksystem mit Selbstausrichtungsfunktion. Macht das Wenden und Lenken kinderleicht und richtet sich automatisch auf. <\/li>\n\n\n\n<li><strong>Motor: <\/strong>Leistungsstarker 250W Brushless Motor mit der neuesten&#8220; Low Energy Consumption &amp; No Noise&#8220; Technologie<\/li>\n\n\n\n<li><strong>Batterie: <\/strong>36V, 14 ah Li-Ion Batterie &#8211; 504WH &#8211; mit Diebstahlsicherung, CE, GS &amp; T\u00dcV gepr\u00fcft<\/li>\n\n\n\n<li><strong>Gangschaltung: <\/strong>7 au\u00dfenliegende Shimano Tourney (SIS) Getriebe und Shimano Schalthebel<\/li>\n\n\n\n<li><strong>Bremsen: <\/strong>Tektro Hydraulikbremsen vorne und hinten mit elektrischem Bremssystem + Feststellbremse<\/li>\n\n\n\n<li><strong>Licht zum Backen: <\/strong>Automatisches Bremslicht. Leuchtet auf, wenn Sie bremsen <\/li>\n\n\n\n<li><strong>Tragf\u00e4higkeit:<\/strong> 150 kg.<\/li>\n\n\n\n<li><strong>Gewicht:<\/strong> 47 kg.<\/li>\n\n\n\n<li><strong>Abmessungen:<\/strong> 222cm X 118cm X 82cm (L X B X H).<\/li>\n<\/ul>\n\n<h4 class=\"wp-block-heading\"><strong> <\/strong><\/h4>\n\n<h4 class=\"wp-block-heading\"><strong>Zubeh\u00f6r:<\/strong><\/h4>\n\n<ul class=\"wp-block-list\">\n<li>Abnehmbares Vordachsystem mit transparentem Panoramadach und seitlichem Eingang<\/li>\n\n\n\n<li>Hochwertige Kotfl\u00fcgel vorne und hinten<\/li>\n\n\n\n<li>Gep\u00e4cktr\u00e4ger mit Riemen<\/li>\n\n\n\n<li>Abdeckung der Kette<\/li>\n\n\n\n<li>Glocke und mehrere Reflektoren<\/li>\n\n\n\n<li>2 x leistungsstarke LED-Scheinwerfer und 1 x R\u00fccklicht<\/li>\n\n\n\n<li>Sicherheitsgurte f\u00fcr 4 Kinder (2-Punkt-Sicherheitsgurte)<\/li>\n\n\n\n<li>Kinderbank f\u00fcr 4 Kinder<\/li>\n\n\n\n<li>Trittbrett f\u00fcr Kinder<\/li>\n<\/ul>\n\n<p class=\"wp-block-paragraph\">Bestellen Sie Ultimate Harmony <strong><u><a href=\"https:\/\/amladcykler.com\/no\/product\/el-lastesykkel-ultimate-harmony\/\" target=\"_blank\" rel=\"noreferrer noopener\">hier<\/a><\/u><\/strong>.<\/p>\n\n<p class=\"wp-block-paragraph\">Sehen Sie <strong><u><a href=\"https:\/\/amladcykler.com\/de\/product-category\/lastenfahrrad-zubehor\/\" target=\"_blank\" rel=\"noreferrer noopener\">hier<\/a><\/u><\/strong> unsere Auswahl an Zubeh\u00f6r und Ersatzteilen <strong>.<\/strong><\/p>\n\n<p class=\"wp-block-paragraph\"><strong>Wenn Sie Fragen haben, k\u00f6nnen Sie uns gerne kontaktieren<\/strong><\/p>\n\n<p class=\"wp-block-paragraph\"><a href=\"tel:+4550479845\">+45 5047 9845<\/a> Kopenhagen<\/p>\n\n<p class=\"wp-block-paragraph\"><a href=\"tel:+447376019977\">+44 73760 19977<\/a> London &#8211; Cyclop Bikes<\/p>\n\n<p class=\"wp-block-paragraph\">Folgen Sie uns auf Instagram <strong><a href=\"https:\/\/www.instagram.com\/amladcykler\/?hl=da\" target=\"_blank\" rel=\"noreferrer noopener\"><u>hier<\/u><\/a><\/strong>.<\/p>\n","protected":false},"excerpt":{"rendered":"<p>Elektrisches Lastenfahrrad Ultimate Harmony &#8211; Amcargobikes Elektrisches Lastenfahrrad &#8211; Ultimate Harmony! Wir m\u00f6chten Ihnen unser neuestes elektrisches Lastenfahrrad von Amcargobikes, Ultimate Harmony, vorstellen. Unser neues elektrisches Lastenfahrrad hat einen sch\u00f6nen und exklusiven Kasten aus schwarzem Pappelholz und ein schlankes &#8222;Slim Design&#8220;. Unser neues Topmodell ist perfekt f\u00fcr Sie, wenn Sie ein Lastenrad der Spitzenklasse suchen, [&#8230;]\n","protected":false},"author":9,"featured_media":0,"comment_status":"closed","ping_status":"open","sticky":false,"template":"","format":"standard","meta":{"footnotes":""},"categories":[94],"tags":[],"class_list":["post-7442","post","type-post","status-publish","format-standard","hentry","category-unkategorisiert"],"yoast_head":"<!-- This site is optimized with the Yoast SEO plugin v28.4 - https:\/\/yoast.com\/product\/yoast-seo-wordpress\/ -->\n<title>Elektrisches Lastenfahrrad Ultimate Harmony - Amcargobikes - Amladcykler.com<\/title>\n<meta name=\"description\" content=\"Elektrisches Lastenfahrrad - Ultimate Harmony! Wir m\u00f6chten Ihnen unser neuestes elektrisches Lastenfahrrad von Amcargobikes vorstellen, Ultimate Harmony\" \/>\n<meta name=\"robots\" content=\"index, follow, max-snippet:-1, max-image-preview:large, max-video-preview:-1\" \/>\n<link rel=\"canonical\" href=\"https:\/\/amladcykler.com\/de\/elektrisches-lastenfahrrad-ultimate-harmony-amcargobikes\/\" \/>\n<meta property=\"og:locale\" content=\"de_DE\" \/>\n<meta property=\"og:type\" content=\"article\" \/>\n<meta property=\"og:title\" content=\"Elektrisches Lastenfahrrad Ultimate Harmony - Amcargobikes - Amladcykler.com\" \/>\n<meta property=\"og:description\" content=\"Elektrisches Lastenfahrrad - Ultimate Harmony! Wir m\u00f6chten Ihnen unser neuestes elektrisches Lastenfahrrad von Amcargobikes vorstellen, Ultimate Harmony\" \/>\n<meta property=\"og:url\" content=\"https:\/\/amladcykler.com\/de\/elektrisches-lastenfahrrad-ultimate-harmony-amcargobikes\/\" \/>\n<meta property=\"og:site_name\" content=\"Amladcykler.com\" \/>\n<meta property=\"article:publisher\" content=\"https:\/\/www.facebook.com\/ladcykel\" \/>\n<meta property=\"article:published_time\" content=\"2021-03-18T13:07:29+00:00\" \/>\n<meta property=\"article:modified_time\" content=\"2025-01-07T08:51:10+00:00\" \/>\n<meta property=\"og:image\" content=\"https:\/\/amladcykler.com\/wp-content\/uploads\/2021\/03\/Harmony.jpg\" \/>\n<meta name=\"author\" content=\"Amladcykler.com\" \/>\n<meta name=\"twitter:card\" content=\"summary_large_image\" \/>\n<meta name=\"twitter:creator\" content=\"@amladcykler\" \/>\n<meta name=\"twitter:site\" content=\"@amladcykler\" \/>\n<meta name=\"twitter:label1\" content=\"Verfasst von\" \/>\n\t<meta name=\"twitter:data1\" content=\"Amladcykler.com\" \/>\n\t<meta name=\"twitter:label2\" content=\"Gesch\u00e4tzte Lesezeit\" \/>\n\t<meta name=\"twitter:data2\" content=\"2\u00a0Minuten\" \/>\n<script type=\"application\/ld+json\" class=\"yoast-schema-graph\">{\"@context\":\"https:\\\/\\\/schema.org\",\"@graph\":[{\"@type\":\"Article\",\"@id\":\"https:\\\/\\\/amladcykler.com\\\/de\\\/elektrisches-lastenfahrrad-ultimate-harmony-amcargobikes\\\/#article\",\"isPartOf\":{\"@id\":\"https:\\\/\\\/amladcykler.com\\\/de\\\/elektrisches-lastenfahrrad-ultimate-harmony-amcargobikes\\\/\"},\"author\":{\"name\":\"Amladcykler.com\",\"@id\":\"https:\\\/\\\/amladcykler.com\\\/de\\\/#\\\/schema\\\/person\\\/63f83fedc49aa980da4143fd2cbbf54f\"},\"headline\":\"Elektrisches Lastenfahrrad Ultimate Harmony &#8211; Amcargobikes\",\"datePublished\":\"2021-03-18T13:07:29+00:00\",\"dateModified\":\"2025-01-07T08:51:10+00:00\",\"mainEntityOfPage\":{\"@id\":\"https:\\\/\\\/amladcykler.com\\\/de\\\/elektrisches-lastenfahrrad-ultimate-harmony-amcargobikes\\\/\"},\"wordCount\":395,\"publisher\":{\"@id\":\"https:\\\/\\\/amladcykler.com\\\/de\\\/#organization\"},\"image\":{\"@id\":\"https:\\\/\\\/amladcykler.com\\\/de\\\/elektrisches-lastenfahrrad-ultimate-harmony-amcargobikes\\\/#primaryimage\"},\"thumbnailUrl\":\"https:\\\/\\\/amladcykler.com\\\/wp-content\\\/uploads\\\/2021\\\/03\\\/Harmony.jpg\",\"articleSection\":[\"Unkategorisiert\"],\"inLanguage\":\"de\"},{\"@type\":\"WebPage\",\"@id\":\"https:\\\/\\\/amladcykler.com\\\/de\\\/elektrisches-lastenfahrrad-ultimate-harmony-amcargobikes\\\/\",\"url\":\"https:\\\/\\\/amladcykler.com\\\/de\\\/elektrisches-lastenfahrrad-ultimate-harmony-amcargobikes\\\/\",\"name\":\"Elektrisches Lastenfahrrad Ultimate Harmony - Amcargobikes - Amladcykler.com\",\"isPartOf\":{\"@id\":\"https:\\\/\\\/amladcykler.com\\\/de\\\/#website\"},\"primaryImageOfPage\":{\"@id\":\"https:\\\/\\\/amladcykler.com\\\/de\\\/elektrisches-lastenfahrrad-ultimate-harmony-amcargobikes\\\/#primaryimage\"},\"image\":{\"@id\":\"https:\\\/\\\/amladcykler.com\\\/de\\\/elektrisches-lastenfahrrad-ultimate-harmony-amcargobikes\\\/#primaryimage\"},\"thumbnailUrl\":\"https:\\\/\\\/amladcykler.com\\\/wp-content\\\/uploads\\\/2021\\\/03\\\/Harmony.jpg\",\"datePublished\":\"2021-03-18T13:07:29+00:00\",\"dateModified\":\"2025-01-07T08:51:10+00:00\",\"description\":\"Elektrisches Lastenfahrrad - Ultimate Harmony! Wir m\u00f6chten Ihnen unser neuestes elektrisches Lastenfahrrad von Amcargobikes vorstellen, Ultimate Harmony\",\"breadcrumb\":{\"@id\":\"https:\\\/\\\/amladcykler.com\\\/de\\\/elektrisches-lastenfahrrad-ultimate-harmony-amcargobikes\\\/#breadcrumb\"},\"inLanguage\":\"de\",\"potentialAction\":[{\"@type\":\"ReadAction\",\"target\":[\"https:\\\/\\\/amladcykler.com\\\/de\\\/elektrisches-lastenfahrrad-ultimate-harmony-amcargobikes\\\/\"]}]},{\"@type\":\"ImageObject\",\"inLanguage\":\"de\",\"@id\":\"https:\\\/\\\/amladcykler.com\\\/de\\\/elektrisches-lastenfahrrad-ultimate-harmony-amcargobikes\\\/#primaryimage\",\"url\":\"https:\\\/\\\/amladcykler.com\\\/wp-content\\\/uploads\\\/2021\\\/03\\\/Harmony.jpg\",\"contentUrl\":\"https:\\\/\\\/amladcykler.com\\\/wp-content\\\/uploads\\\/2021\\\/03\\\/Harmony.jpg\"},{\"@type\":\"BreadcrumbList\",\"@id\":\"https:\\\/\\\/amladcykler.com\\\/de\\\/elektrisches-lastenfahrrad-ultimate-harmony-amcargobikes\\\/#breadcrumb\",\"itemListElement\":[{\"@type\":\"ListItem\",\"position\":1,\"name\":\"Home\",\"item\":\"https:\\\/\\\/amladcykler.com\\\/de\\\/\"},{\"@type\":\"ListItem\",\"position\":2,\"name\":\"Elektrisches Lastenfahrrad Ultimate Harmony &#8211; Amcargobikes\"}]},{\"@type\":\"WebSite\",\"@id\":\"https:\\\/\\\/amladcykler.com\\\/de\\\/#website\",\"url\":\"https:\\\/\\\/amladcykler.com\\\/de\\\/\",\"name\":\"Amladcykler.com\",\"description\":\"Cargo bike enthusiasts, since 1992\",\"publisher\":{\"@id\":\"https:\\\/\\\/amladcykler.com\\\/de\\\/#organization\"},\"potentialAction\":[{\"@type\":\"SearchAction\",\"target\":{\"@type\":\"EntryPoint\",\"urlTemplate\":\"https:\\\/\\\/amladcykler.com\\\/de\\\/?s={search_term_string}\"},\"query-input\":{\"@type\":\"PropertyValueSpecification\",\"valueRequired\":true,\"valueName\":\"search_term_string\"}}],\"inLanguage\":\"de\"},{\"@type\":\"Organization\",\"@id\":\"https:\\\/\\\/amladcykler.com\\\/de\\\/#organization\",\"name\":\"Andersen & Meldgaard A\\\/S\",\"url\":\"https:\\\/\\\/amladcykler.com\\\/de\\\/\",\"logo\":{\"@type\":\"ImageObject\",\"inLanguage\":\"de\",\"@id\":\"https:\\\/\\\/amladcykler.com\\\/de\\\/#\\\/schema\\\/logo\\\/image\\\/\",\"url\":\"https:\\\/\\\/amladcykler.com\\\/wp-content\\\/uploads\\\/2025\\\/03\\\/Amladcykler.com-logo-1025x1025-Uden-baggrund.png\",\"contentUrl\":\"https:\\\/\\\/amladcykler.com\\\/wp-content\\\/uploads\\\/2025\\\/03\\\/Amladcykler.com-logo-1025x1025-Uden-baggrund.png\",\"width\":1025,\"height\":1025,\"caption\":\"Andersen & Meldgaard A\\\/S\"},\"image\":{\"@id\":\"https:\\\/\\\/amladcykler.com\\\/de\\\/#\\\/schema\\\/logo\\\/image\\\/\"},\"sameAs\":[\"https:\\\/\\\/www.facebook.com\\\/ladcykel\",\"https:\\\/\\\/x.com\\\/amladcykler\",\"https:\\\/\\\/www.linkedin.com\\\/company\\\/amladcykler\\\/\",\"https:\\\/\\\/www.youtube.com\\\/channel\\\/UCG9qwiqZHe9bDeCzHYcc0eQ\",\"https:\\\/\\\/www.instagram.com\\\/amladcykler\\\/\"]},{\"@type\":\"Person\",\"@id\":\"https:\\\/\\\/amladcykler.com\\\/de\\\/#\\\/schema\\\/person\\\/63f83fedc49aa980da4143fd2cbbf54f\",\"name\":\"Amladcykler.com\",\"image\":{\"@type\":\"ImageObject\",\"inLanguage\":\"de\",\"@id\":\"https:\\\/\\\/secure.gravatar.com\\\/avatar\\\/c4b43877bfad017d4e35bd4de5f48c0e8deb7e6ed101dda119e76dbe8f0ae1cb?s=96&d=blank&r=g\",\"url\":\"https:\\\/\\\/secure.gravatar.com\\\/avatar\\\/c4b43877bfad017d4e35bd4de5f48c0e8deb7e6ed101dda119e76dbe8f0ae1cb?s=96&d=blank&r=g\",\"contentUrl\":\"https:\\\/\\\/secure.gravatar.com\\\/avatar\\\/c4b43877bfad017d4e35bd4de5f48c0e8deb7e6ed101dda119e76dbe8f0ae1cb?s=96&d=blank&r=g\",\"caption\":\"Amladcykler.com\"}}]}<\/script>\n<!-- \/ Yoast SEO plugin. -->","yoast_head_json":{"title":"Elektrisches Lastenfahrrad Ultimate Harmony - Amcargobikes - Amladcykler.com","description":"Elektrisches Lastenfahrrad - Ultimate Harmony! Wir m\u00f6chten Ihnen unser neuestes elektrisches Lastenfahrrad von Amcargobikes vorstellen, Ultimate Harmony","robots":{"index":"index","follow":"follow","max-snippet":"max-snippet:-1","max-image-preview":"max-image-preview:large","max-video-preview":"max-video-preview:-1"},"canonical":"https:\/\/amladcykler.com\/de\/elektrisches-lastenfahrrad-ultimate-harmony-amcargobikes\/","og_locale":"de_DE","og_type":"article","og_title":"Elektrisches Lastenfahrrad Ultimate Harmony - Amcargobikes - Amladcykler.com","og_description":"Elektrisches Lastenfahrrad - Ultimate Harmony! Wir m\u00f6chten Ihnen unser neuestes elektrisches Lastenfahrrad von Amcargobikes vorstellen, Ultimate Harmony","og_url":"https:\/\/amladcykler.com\/de\/elektrisches-lastenfahrrad-ultimate-harmony-amcargobikes\/","og_site_name":"Amladcykler.com","article_publisher":"https:\/\/www.facebook.com\/ladcykel","article_published_time":"2021-03-18T13:07:29+00:00","article_modified_time":"2025-01-07T08:51:10+00:00","og_image":[{"url":"https:\/\/amladcykler.com\/wp-content\/uploads\/2021\/03\/Harmony.jpg","type":"","width":"","height":""}],"author":"Amladcykler.com","twitter_card":"summary_large_image","twitter_creator":"@amladcykler","twitter_site":"@amladcykler","twitter_misc":{"Verfasst von":"Amladcykler.com","Gesch\u00e4tzte Lesezeit":"2\u00a0Minuten"},"schema":{"@context":"https:\/\/schema.org","@graph":[{"@type":"Article","@id":"https:\/\/amladcykler.com\/de\/elektrisches-lastenfahrrad-ultimate-harmony-amcargobikes\/#article","isPartOf":{"@id":"https:\/\/amladcykler.com\/de\/elektrisches-lastenfahrrad-ultimate-harmony-amcargobikes\/"},"author":{"name":"Amladcykler.com","@id":"https:\/\/amladcykler.com\/de\/#\/schema\/person\/63f83fedc49aa980da4143fd2cbbf54f"},"headline":"Elektrisches Lastenfahrrad Ultimate Harmony &#8211; Amcargobikes","datePublished":"2021-03-18T13:07:29+00:00","dateModified":"2025-01-07T08:51:10+00:00","mainEntityOfPage":{"@id":"https:\/\/amladcykler.com\/de\/elektrisches-lastenfahrrad-ultimate-harmony-amcargobikes\/"},"wordCount":395,"publisher":{"@id":"https:\/\/amladcykler.com\/de\/#organization"},"image":{"@id":"https:\/\/amladcykler.com\/de\/elektrisches-lastenfahrrad-ultimate-harmony-amcargobikes\/#primaryimage"},"thumbnailUrl":"https:\/\/amladcykler.com\/wp-content\/uploads\/2021\/03\/Harmony.jpg","articleSection":["Unkategorisiert"],"inLanguage":"de"},{"@type":"WebPage","@id":"https:\/\/amladcykler.com\/de\/elektrisches-lastenfahrrad-ultimate-harmony-amcargobikes\/","url":"https:\/\/amladcykler.com\/de\/elektrisches-lastenfahrrad-ultimate-harmony-amcargobikes\/","name":"Elektrisches Lastenfahrrad Ultimate Harmony - Amcargobikes - Amladcykler.com","isPartOf":{"@id":"https:\/\/amladcykler.com\/de\/#website"},"primaryImageOfPage":{"@id":"https:\/\/amladcykler.com\/de\/elektrisches-lastenfahrrad-ultimate-harmony-amcargobikes\/#primaryimage"},"image":{"@id":"https:\/\/amladcykler.com\/de\/elektrisches-lastenfahrrad-ultimate-harmony-amcargobikes\/#primaryimage"},"thumbnailUrl":"https:\/\/amladcykler.com\/wp-content\/uploads\/2021\/03\/Harmony.jpg","datePublished":"2021-03-18T13:07:29+00:00","dateModified":"2025-01-07T08:51:10+00:00","description":"Elektrisches Lastenfahrrad - Ultimate Harmony! Wir m\u00f6chten Ihnen unser neuestes elektrisches Lastenfahrrad von Amcargobikes vorstellen, Ultimate Harmony","breadcrumb":{"@id":"https:\/\/amladcykler.com\/de\/elektrisches-lastenfahrrad-ultimate-harmony-amcargobikes\/#breadcrumb"},"inLanguage":"de","potentialAction":[{"@type":"ReadAction","target":["https:\/\/amladcykler.com\/de\/elektrisches-lastenfahrrad-ultimate-harmony-amcargobikes\/"]}]},{"@type":"ImageObject","inLanguage":"de","@id":"https:\/\/amladcykler.com\/de\/elektrisches-lastenfahrrad-ultimate-harmony-amcargobikes\/#primaryimage","url":"https:\/\/amladcykler.com\/wp-content\/uploads\/2021\/03\/Harmony.jpg","contentUrl":"https:\/\/amladcykler.com\/wp-content\/uploads\/2021\/03\/Harmony.jpg"},{"@type":"BreadcrumbList","@id":"https:\/\/amladcykler.com\/de\/elektrisches-lastenfahrrad-ultimate-harmony-amcargobikes\/#breadcrumb","itemListElement":[{"@type":"ListItem","position":1,"name":"Home","item":"https:\/\/amladcykler.com\/de\/"},{"@type":"ListItem","position":2,"name":"Elektrisches Lastenfahrrad Ultimate Harmony &#8211; Amcargobikes"}]},{"@type":"WebSite","@id":"https:\/\/amladcykler.com\/de\/#website","url":"https:\/\/amladcykler.com\/de\/","name":"Amladcykler.com","description":"Cargo bike enthusiasts, since 1992","publisher":{"@id":"https:\/\/amladcykler.com\/de\/#organization"},"potentialAction":[{"@type":"SearchAction","target":{"@type":"EntryPoint","urlTemplate":"https:\/\/amladcykler.com\/de\/?s={search_term_string}"},"query-input":{"@type":"PropertyValueSpecification","valueRequired":true,"valueName":"search_term_string"}}],"inLanguage":"de"},{"@type":"Organization","@id":"https:\/\/amladcykler.com\/de\/#organization","name":"Andersen & Meldgaard A\/S","url":"https:\/\/amladcykler.com\/de\/","logo":{"@type":"ImageObject","inLanguage":"de","@id":"https:\/\/amladcykler.com\/de\/#\/schema\/logo\/image\/","url":"https:\/\/amladcykler.com\/wp-content\/uploads\/2025\/03\/Amladcykler.com-logo-1025x1025-Uden-baggrund.png","contentUrl":"https:\/\/amladcykler.com\/wp-content\/uploads\/2025\/03\/Amladcykler.com-logo-1025x1025-Uden-baggrund.png","width":1025,"height":1025,"caption":"Andersen & Meldgaard A\/S"},"image":{"@id":"https:\/\/amladcykler.com\/de\/#\/schema\/logo\/image\/"},"sameAs":["https:\/\/www.facebook.com\/ladcykel","https:\/\/x.com\/amladcykler","https:\/\/www.linkedin.com\/company\/amladcykler\/","https:\/\/www.youtube.com\/channel\/UCG9qwiqZHe9bDeCzHYcc0eQ","https:\/\/www.instagram.com\/amladcykler\/"]},{"@type":"Person","@id":"https:\/\/amladcykler.com\/de\/#\/schema\/person\/63f83fedc49aa980da4143fd2cbbf54f","name":"Amladcykler.com","image":{"@type":"ImageObject","inLanguage":"de","@id":"https:\/\/secure.gravatar.com\/avatar\/c4b43877bfad017d4e35bd4de5f48c0e8deb7e6ed101dda119e76dbe8f0ae1cb?s=96&d=blank&r=g","url":"https:\/\/secure.gravatar.com\/avatar\/c4b43877bfad017d4e35bd4de5f48c0e8deb7e6ed101dda119e76dbe8f0ae1cb?s=96&d=blank&r=g","contentUrl":"https:\/\/secure.gravatar.com\/avatar\/c4b43877bfad017d4e35bd4de5f48c0e8deb7e6ed101dda119e76dbe8f0ae1cb?s=96&d=blank&r=g","caption":"Amladcykler.com"}}]}},"_links":{"self":[{"href":"https:\/\/amladcykler.com\/de\/wp-json\/wp\/v2\/posts\/7442","targetHints":{"allow":["GET"]}}],"collection":[{"href":"https:\/\/amladcykler.com\/de\/wp-json\/wp\/v2\/posts"}],"about":[{"href":"https:\/\/amladcykler.com\/de\/wp-json\/wp\/v2\/types\/post"}],"author":[{"embeddable":true,"href":"https:\/\/amladcykler.com\/de\/wp-json\/wp\/v2\/users\/9"}],"replies":[{"embeddable":true,"href":"https:\/\/amladcykler.com\/de\/wp-json\/wp\/v2\/comments?post=7442"}],"version-history":[{"count":0,"href":"https:\/\/amladcykler.com\/de\/wp-json\/wp\/v2\/posts\/7442\/revisions"}],"wp:attachment":[{"href":"https:\/\/amladcykler.com\/de\/wp-json\/wp\/v2\/media?parent=7442"}],"wp:term":[{"taxonomy":"category","embeddable":true,"href":"https:\/\/amladcykler.com\/de\/wp-json\/wp\/v2\/categories?post=7442"},{"taxonomy":"post_tag","embeddable":true,"href":"https:\/\/amladcykler.com\/de\/wp-json\/wp\/v2\/tags?post=7442"}],"curies":[{"name":"wp","href":"https:\/\/api.w.org\/{rel}","templated":true}]}}