{"id":7413,"date":"2022-01-28T14:20:11","date_gmt":"2022-01-28T13:20:11","guid":{"rendered":"https:\/\/amladcykler.com\/unkategorisiert\/akku-fuer-elektrisches-lastenrad-bereit-fuer-den-fruehling\/"},"modified":"2025-01-07T09:51:05","modified_gmt":"2025-01-07T08:51:05","slug":"akku-fuer-elektrisches-lastenrad-bereit-fuer-den-fruehling","status":"publish","type":"post","link":"https:\/\/amladcykler.com\/de\/akku-fuer-elektrisches-lastenrad-bereit-fuer-den-fruehling\/","title":{"rendered":"Akku f\u00fcr elektrisches Lastenrad &#8211; Bereit f\u00fcr den Fr\u00fchling?"},"content":{"rendered":"\n<p class=\"wp-block-paragraph\"><\/p><h2>Akku f\u00fcr elektrisches Lastenfahrrad<\/h2>\n\n<p class=\"wp-block-paragraph\">Die Knospen sind ganz straff, gerade bereit, herauszuspringen. Die V\u00f6gel singen und drau\u00dfen in den B\u00fcschen und B\u00e4umen herrscht rege Betriebsamkeit. Immer mehr Menschen kommen aus ihrer Winterh\u00f6hle heraus. \u00dcberall ist Leben zu sp\u00fcren. Ein typisches Zeichen f\u00fcr den ersehnten Fr\u00fchling, der vor der T\u00fcr steht.    <\/p>\n\n<p class=\"wp-block-paragraph\">ABER&#8230; einer Sache fehlt es an Leben. Die Batterie f\u00fcr das Elektrofahrrad! <\/p>\n\n<div>Schade! Warum gerade jetzt? Jetzt war es an der Zeit, eine Radtour mit der Familie zu machen.  <\/div>\n<div> <\/div>\n<h2>Es kann mehrere Gr\u00fcnde geben, warum die Batterie streikt<\/h2>\n<div>Der Akku von Elektrofahrr\u00e4dern nutzt sich ab wie alles andere auch. Erwarten Sie, dass ein Akku je nach Nutzung und Fahrweise ca. 600-900 Ladungen oder 2-3 Jahre h\u00e4lt. Wenn sich eine Batterie dem Ende ihrer Lebensdauer n\u00e4hert, nimmt die Leistung kontinuierlich ab.   <\/div>\n<div> <\/div>\n<div>Wenn der Akku v\u00f6llig leer ist, kann das an einer falschen Handhabung liegen. Wurde er richtig gelagert? Wurde er kontinuierlich aufgeladen?  <\/div>\n<div> <\/div>\n<div>Hier finden Sie einige Tipps, wie Sie den Akku Ihres Elektrofahrrads gut pflegen k\u00f6nnen:<\/div>\n<div> <\/div>\n<ul>\n<li>Es ist wichtig, dass Sie Ihre Batterie mitnehmen, wenn Sie sie nicht benutzen, damit sie nicht in der K\u00e4lte und im Regen steht. Selbst wenn Sie Ihr Fahrrad in einer Garage untergestellt haben, wird die Batterie im Winter durch die K\u00e4lte entladen. Und im Fr\u00fchjahr werden Sie eine leere Batterie vorfinden.  <\/li>\n<li>Lagern Sie die Batterie trocken und bei normaler Raumtemperatur. Sch\u00fctzen Sie ihn vor Feuchtigkeit und Wasser sowie vor direktem Sonnenlicht. Lagern Sie ihn waagerecht und stabil.  <\/li>\n<li>Auch wenn Sie Ihr Fahrrad in den Wintermonaten nicht benutzen, ist es wichtig, es mindestens einmal alle zwei Monate aufzuladen. Das ist ein Schutz vor Tiefentladung, die die Batterie besch\u00e4digt. <\/li>\n<li>Achten Sie auf die Temperatur des Akkus, bevor Sie ihn in das Ladeger\u00e4t einlegen. Wenn Sie den Akku von au\u00dfen einlegen, warten Sie mit dem Laden, bis der Akku Raumtemperatur erreicht hat. Wenn der Akku zum Laden in Innenr\u00e4umen eingesetzt wird, kann sich aufgrund des schnellen W\u00e4rmeunterschieds Kondenswasser an der Au\u00dfen- und Innenseite des Akkus bilden. Der Ladevorgang darf daher erst erfolgen, wenn das Kondenswasser verschwunden ist. Im Inneren der Batterie befindet sich eine Leiterplatte, die die einzelnen Batteriezellen kontrolliert. Wenn der Ladevorgang erfolgt, w\u00e4hrend sich noch Kondenswasser in der Batterie befindet, kann die Leiterplatte besch\u00e4digt werden.     <\/li>\n<\/ul>\n<div>Wenn alle Hoffnung verloren ist, verzweifeln Sie nicht. Wir haben eine gro\u00dfe Auswahl an Batterien zu g\u00fcnstigen Preisen! Schauen Sie einfach hier:  <\/div>\n<div class=\"row\"  id=\"row-1551014473\">\n\n\n\t<div id=\"col-1543281774\" class=\"col medium-6 small-12 large-6\"  >\n\t\t\t\t<div class=\"col-inner\"  >\n\t\t\t\n\t\t\t\n\n\t<div class=\"img has-hover x md-x lg-x y md-y lg-y\" id=\"image_581516373\">\n\t\t<a class=\"\" href=\"https:\/\/amladcykler.com\/product\/battery-36v\/\" >\t\t\t\t\t\t<div class=\"img-inner dark\" >\n\t\t\t<img decoding=\"async\" width=\"500\" height=\"250\" src=\"https:\/\/amladcykler.com\/wp-content\/uploads\/2022\/01\/Batteri-el-ladcykel-36V-9aH-pris-UK.jpg\" class=\"attachment-large size-large\" alt=\"Batteri-el-ladcykel-36V-9aH-pris\" \/>\t\t\t\t\t\t\n\t\t\t\t\t<\/div>\n\t\t\t\t\t\t<\/a>\t\t\n<style>\n#image_581516373 {\n  width: 100%;\n}\n<\/style>\n\t<\/div>\n\t\n\n\n\t\t<\/div>\n\t\t\t\t\t<\/div>\n\n\t\n\n\t<div id=\"col-215879587\" class=\"col medium-6 small-12 large-6\"  >\n\t\t\t\t<div class=\"col-inner\"  >\n\t\t\t\n\t\t\t\n\n<h2><a href=\"https:\/\/amladcykler.com\/no\/product\/batteri-36-v-9-ah-li-ion\/\">Elektrischer Lastenrad-Akku 36V &#8211; 9ah Li-on &#8211; 324WH<\/a><\/h2>\n<p>Hochwertiger Akku f\u00fcr elektrische Cargo-Bikes. 36V &#8211; 9ah Lithium-Akku mit CE-Zulassung. Der Akku passt f\u00fcr alle unsere eigenen elektrischen Lastenfahrr\u00e4der sowie f\u00fcr die Modelle von Cykelbanditten und Cargokid electric box bikes usw.  <\/p>\n\n\t\t<\/div>\n\t\t\t\t\t<\/div>\n\n\t\n\n<\/div>\n<div class=\"row\"  id=\"row-641546211\">\n\n\n\t<div id=\"col-1441838835\" class=\"col medium-6 small-12 large-6\"  >\n\t\t\t\t<div class=\"col-inner\"  >\n\t\t\t\n\t\t\t\n\n\t<div class=\"img has-hover x md-x lg-x y md-y lg-y\" id=\"image_1057680046\">\n\t\t<a class=\"\" href=\"https:\/\/amladcykler.com\/product\/battery-36v-13ah-li-ion-ultimate-curve\/\" >\t\t\t\t\t\t<div class=\"img-inner dark\" >\n\t\t\t<img decoding=\"async\" width=\"500\" height=\"250\" src=\"https:\/\/amladcykler.com\/wp-content\/uploads\/2022\/01\/Batteri-36V-13ah-Li-ion-ultimate-curve-harmony-el-ladcykel-pris-UK.jpg\" class=\"attachment-large size-large\" alt=\"Batteri-36V-13ah-Li-ion-ultimate-curve-harmony-el-ladcykel-pris\" \/>\t\t\t\t\t\t\n\t\t\t\t\t<\/div>\n\t\t\t\t\t\t<\/a>\t\t\n<style>\n#image_1057680046 {\n  width: 100%;\n}\n<\/style>\n\t<\/div>\n\t\n\n\n\t\t<\/div>\n\t\t\t\t\t<\/div>\n\n\t\n\n\t<div id=\"col-1040792075\" class=\"col medium-6 small-12 large-6\"  >\n\t\t\t\t<div class=\"col-inner\"  >\n\t\t\t\n\t\t\t\n\n<h2><a href=\"https:\/\/amladcykler.com\/no\/product\/batteri-36v-37v-13ah-li-ion-ultimate-curve-og-harmony\/\">Elektrischer Lastenrad-Akku 36V &#8211; 13ah Li-on &#8211; 468WH<\/a><\/h2>\n<p>Akku f\u00fcr unsere elektrischen Lastenfahrr\u00e4der Ultimate Curve und Ultimate Harmony. Hochwertige Batterie. 36V &#8211; 13ah Lithium-Akku mit CE-Zulassung. Passend f\u00fcr verschiedene Lastenradmodelle.   <\/p>\n\n\t\t<\/div>\n\t\t\t\t\t<\/div>\n\n\t\n\n<\/div>\n<div class=\"row\"  id=\"row-1082086974\">\n\n\n\t<div id=\"col-1749427266\" class=\"col medium-6 small-12 large-6\"  >\n\t\t\t\t<div class=\"col-inner\"  >\n\t\t\t\n\t\t\t\n\n\t<div class=\"img has-hover x md-x lg-x y md-y lg-y\" id=\"image_947707075\">\n\t\t<a class=\"\" href=\"https:\/\/amladcykler.com\/product\/battery-36v-9-ah-li-ion-adult-tricycle\/\" >\t\t\t\t\t\t<div class=\"img-inner dark\" >\n\t\t\t<img decoding=\"async\" width=\"500\" height=\"250\" src=\"https:\/\/amladcykler.com\/wp-content\/uploads\/2022\/01\/Batteri-36V-9ah-Li-ion-El-Handicapcykel-Seniorcykel-pris-UK.jpg\" class=\"attachment-large size-large\" alt=\"Batteri-36V-9ah-Li-ion-El-Handicapcykel-Seniorcykel-pris\" \/>\t\t\t\t\t\t\n\t\t\t\t\t<\/div>\n\t\t\t\t\t\t<\/a>\t\t\n<style>\n#image_947707075 {\n  width: 100%;\n}\n<\/style>\n\t<\/div>\n\t\n\n\n\t\t<\/div>\n\t\t\t\t\t<\/div>\n\n\t\n\n\t<div id=\"col-2052647340\" class=\"col medium-6 small-12 large-6\"  >\n\t\t\t\t<div class=\"col-inner\"  >\n\t\t\t\n\t\t\t\n\n<h2><a href=\"https:\/\/amladcykler.com\/no\/product\/batteri-36v-9-ah-li-ion-trehjulssykkel-for-voksne\/\">Elektrisches&nbsp;Dreirad f\u00fcr Erwachsene Batterie 36V &#8211; 9ah Li-on &#8211; 324WH<\/a><\/h2>\n<p>Hochwertige Batterie f\u00fcr elektrisches Dreirad f\u00fcr Erwachsene. Diese 36V &#8211; 9ah Lithium-Batterie mit CE-Zulassung passt in unser elektrisches Dreirad f\u00fcr Erwachsene. Die Batterie l\u00e4sst sich bei der Installation von der Seite einschieben. Auch mit 14 ah erh\u00e4ltlich.   <\/p>\n\n\t\t<\/div>\n\t\t\t\t\t<\/div>\n\n\t\n\n<\/div>\n<div class=\"row\"  id=\"row-987890753\">\n\n\n\t<div id=\"col-1122655109\" class=\"col medium-6 small-12 large-6\"  >\n\t\t\t\t<div class=\"col-inner\"  >\n\t\t\t\n\t\t\t\n\n\t<div class=\"img has-hover x md-x lg-x y md-y lg-y\" id=\"image_233236149\">\n\t\t<a class=\"\" href=\"https:\/\/amladcykler.com\/product\/battery-36v-10-4-ah-li-ion-alu-box-silver\/\" >\t\t\t\t\t\t<div class=\"img-inner dark\" >\n\t\t\t<img decoding=\"async\" width=\"500\" height=\"250\" src=\"https:\/\/amladcykler.com\/wp-content\/uploads\/2022\/01\/Batteri-36V-104ah-Li-ion-alu-kasse-el-ladcykel-Silver-pris-UK.jpg\" class=\"attachment-large size-large\" alt=\"Batteri-36V-104ah-Li-ion-alu-kasse-el-ladcykel-Silver-pris\" \/>\t\t\t\t\t\t\n\t\t\t\t\t<\/div>\n\t\t\t\t\t\t<\/a>\t\t\n<style>\n#image_233236149 {\n  width: 100%;\n}\n<\/style>\n\t<\/div>\n\t\n\n\n\t\t<\/div>\n\t\t\t\t\t<\/div>\n\n\t\n\n\t<div id=\"col-670795304\" class=\"col medium-6 small-12 large-6\"  >\n\t\t\t\t<div class=\"col-inner\"  >\n\t\t\t\n\t\t\t\n\n<h2><a href=\"https:\/\/amladcykler.com\/no\/product\/batteri-36v-104-ah-li-ion-alu-boks-solv\/\">Elektro-Lastenfahrrad Akku 36V &#8211; 10.4ah Li-on &#8211; 374WH<\/a><\/h2>\n<p>Hochwertiger elektrischer Lastenrad-Akku. 36V &#8211; 10,4ah Lithium-Akku mit CE-Zulassung. Passend f\u00fcr unsere Lastenfahrr\u00e4der \u00e4lteren Datums, sowie f\u00fcr viele \u00e4ltere Modelle von u.a. Nemjem, Cargo9000, Cargokid, Aldi, Downtown.dk, Dealhunter.dk, Spotdeal.dk, All2day.dk und viele mehr. Neuer Batteriekasten inkl. Schiene und 2 Batterieschl\u00fcssel.    <\/p>\n\n\t\t<\/div>\n\t\t\t\t\t<\/div>\n\n\t\n\n<\/div>\n<div class=\"row\"  id=\"row-1515927060\">\n\n\n\t<div id=\"col-922006054\" class=\"col medium-6 small-12 large-6\"  >\n\t\t\t\t<div class=\"col-inner\"  >\n\t\t\t\n\t\t\t\n\n\t<div class=\"img has-hover x md-x lg-x y md-y lg-y\" id=\"image_500972351\">\n\t\t<a class=\"\" href=\"https:\/\/amladcykler.com\/product\/battery-36v-14\/\" >\t\t\t\t\t\t<div class=\"img-inner dark\" >\n\t\t\t<img decoding=\"async\" width=\"500\" height=\"250\" src=\"https:\/\/amladcykler.com\/wp-content\/uploads\/2022\/01\/El-Ladcykel-batteri-36V-14ah-Li-on-503WH-pris-UK.jpg\" class=\"attachment-large size-large\" alt=\"El-Ladcykel-batteri-36V-14ah-Li-on-503WH-pris\" \/>\t\t\t\t\t\t\n\t\t\t\t\t<\/div>\n\t\t\t\t\t\t<\/a>\t\t\n<style>\n#image_500972351 {\n  width: 100%;\n}\n<\/style>\n\t<\/div>\n\t\n\n\n\t\t<\/div>\n\t\t\t\t\t<\/div>\n\n\t\n\n\t<div id=\"col-1237767081\" class=\"col medium-6 small-12 large-6\"  >\n\t\t\t\t<div class=\"col-inner\"  >\n\t\t\t\n\t\t\t\n\n<h2><a href=\"https:\/\/amladcykler.com\/no\/product\/batteri-36v-14-ah-li-ion\/\">Elektrischer Lastenrad-Akku 36V &#8211; 14ah Li-on &#8211; 503WH<\/a><\/h2>\n<p>Leistungsstarker 14-Ah-Akku f\u00fcr Elektrofahrr\u00e4der. Hochwertige Lithium-Batterie mit CE-Zulassung. Der Akku eignet sich f\u00fcr alle unsere Elektro-Lastenfahrradmodelle sowie f\u00fcr Elektro-Lastenfahrr\u00e4der von u.a. Cykelbanditten und Cargokid Elektro-Lastenfahrr\u00e4der etc.  <\/p>\n\n\t\t<\/div>\n\t\t\t\t\t<\/div>\n\n\t\n\n<\/div>\n\n","protected":false},"excerpt":{"rendered":"<p>Akku f\u00fcr elektrisches Lastenfahrrad Die Knospen sind ganz straff, gerade bereit, herauszuspringen. Die V\u00f6gel singen und drau\u00dfen in den B\u00fcschen und B\u00e4umen herrscht rege Betriebsamkeit. Immer mehr Menschen kommen aus ihrer Winterh\u00f6hle heraus. \u00dcberall ist Leben zu sp\u00fcren. Ein typisches Zeichen f\u00fcr den ersehnten Fr\u00fchling, der vor der T\u00fcr steht. ABER&#8230; einer Sache fehlt es [&#8230;]\n","protected":false},"author":9,"featured_media":0,"comment_status":"closed","ping_status":"open","sticky":false,"template":"","format":"standard","meta":{"footnotes":""},"categories":[94],"tags":[],"class_list":["post-7413","post","type-post","status-publish","format-standard","hentry","category-unkategorisiert"],"yoast_head":"<!-- This site is optimized with the Yoast SEO plugin v28.4 - https:\/\/yoast.com\/product\/yoast-seo-wordpress\/ -->\n<title>Akku f\u00fcr elektrisches Lastenrad - Bereit f\u00fcr den Fr\u00fchling? - Amladcykler.com<\/title>\n<meta name=\"description\" content=\"Der Akku f\u00fcr Elektrofahrr\u00e4der nutzt sich ab wie alles andere auch. Wenn der Akku v\u00f6llig leer ist, kann das an der falschen Handhabung liegen. Hier sind einige Tipps, wie...\" \/>\n<meta name=\"robots\" content=\"index, follow, max-snippet:-1, max-image-preview:large, max-video-preview:-1\" \/>\n<link rel=\"canonical\" href=\"https:\/\/amladcykler.com\/de\/akku-fuer-elektrisches-lastenrad-bereit-fuer-den-fruehling\/\" \/>\n<meta property=\"og:locale\" content=\"de_DE\" \/>\n<meta property=\"og:type\" content=\"article\" \/>\n<meta property=\"og:title\" content=\"Akku f\u00fcr elektrisches Lastenrad - Bereit f\u00fcr den Fr\u00fchling? - Amladcykler.com\" \/>\n<meta property=\"og:description\" content=\"Der Akku f\u00fcr Elektrofahrr\u00e4der nutzt sich ab wie alles andere auch. Wenn der Akku v\u00f6llig leer ist, kann das an der falschen Handhabung liegen. Hier sind einige Tipps, wie...\" \/>\n<meta property=\"og:url\" content=\"https:\/\/amladcykler.com\/de\/akku-fuer-elektrisches-lastenrad-bereit-fuer-den-fruehling\/\" \/>\n<meta property=\"og:site_name\" content=\"Amladcykler.com\" \/>\n<meta property=\"article:publisher\" content=\"https:\/\/www.facebook.com\/ladcykel\" \/>\n<meta property=\"article:published_time\" content=\"2022-01-28T13:20:11+00:00\" \/>\n<meta property=\"article:modified_time\" content=\"2025-01-07T08:51:05+00:00\" \/>\n<meta property=\"og:image\" content=\"https:\/\/amladcykler.com\/wp-content\/uploads\/2020\/08\/Deluxe-UK.jpg\" \/>\n\t<meta property=\"og:image:width\" content=\"1500\" \/>\n\t<meta property=\"og:image:height\" content=\"1125\" \/>\n\t<meta property=\"og:image:type\" content=\"image\/jpeg\" \/>\n<meta name=\"author\" content=\"Amladcykler.com\" \/>\n<meta name=\"twitter:card\" content=\"summary_large_image\" \/>\n<meta name=\"twitter:creator\" content=\"@amladcykler\" \/>\n<meta name=\"twitter:site\" content=\"@amladcykler\" \/>\n<meta name=\"twitter:label1\" content=\"Verfasst von\" \/>\n\t<meta name=\"twitter:data1\" content=\"Amladcykler.com\" \/>\n\t<meta name=\"twitter:label2\" content=\"Gesch\u00e4tzte Lesezeit\" \/>\n\t<meta name=\"twitter:data2\" content=\"4\u00a0Minuten\" \/>\n<script type=\"application\/ld+json\" class=\"yoast-schema-graph\">{\"@context\":\"https:\\\/\\\/schema.org\",\"@graph\":[{\"@type\":\"Article\",\"@id\":\"https:\\\/\\\/amladcykler.com\\\/de\\\/akku-fuer-elektrisches-lastenrad-bereit-fuer-den-fruehling\\\/#article\",\"isPartOf\":{\"@id\":\"https:\\\/\\\/amladcykler.com\\\/de\\\/akku-fuer-elektrisches-lastenrad-bereit-fuer-den-fruehling\\\/\"},\"author\":{\"name\":\"Amladcykler.com\",\"@id\":\"https:\\\/\\\/amladcykler.com\\\/de\\\/#\\\/schema\\\/person\\\/63f83fedc49aa980da4143fd2cbbf54f\"},\"headline\":\"Akku f\u00fcr elektrisches Lastenrad &#8211; Bereit f\u00fcr den Fr\u00fchling?\",\"datePublished\":\"2022-01-28T13:20:11+00:00\",\"dateModified\":\"2025-01-07T08:51:05+00:00\",\"mainEntityOfPage\":{\"@id\":\"https:\\\/\\\/amladcykler.com\\\/de\\\/akku-fuer-elektrisches-lastenrad-bereit-fuer-den-fruehling\\\/\"},\"wordCount\":777,\"publisher\":{\"@id\":\"https:\\\/\\\/amladcykler.com\\\/de\\\/#organization\"},\"articleSection\":[\"Unkategorisiert\"],\"inLanguage\":\"de\"},{\"@type\":\"WebPage\",\"@id\":\"https:\\\/\\\/amladcykler.com\\\/de\\\/akku-fuer-elektrisches-lastenrad-bereit-fuer-den-fruehling\\\/\",\"url\":\"https:\\\/\\\/amladcykler.com\\\/de\\\/akku-fuer-elektrisches-lastenrad-bereit-fuer-den-fruehling\\\/\",\"name\":\"Akku f\u00fcr elektrisches Lastenrad - Bereit f\u00fcr den Fr\u00fchling? - Amladcykler.com\",\"isPartOf\":{\"@id\":\"https:\\\/\\\/amladcykler.com\\\/de\\\/#website\"},\"datePublished\":\"2022-01-28T13:20:11+00:00\",\"dateModified\":\"2025-01-07T08:51:05+00:00\",\"description\":\"Der Akku f\u00fcr Elektrofahrr\u00e4der nutzt sich ab wie alles andere auch. Wenn der Akku v\u00f6llig leer ist, kann das an der falschen Handhabung liegen. Hier sind einige Tipps, wie...\",\"breadcrumb\":{\"@id\":\"https:\\\/\\\/amladcykler.com\\\/de\\\/akku-fuer-elektrisches-lastenrad-bereit-fuer-den-fruehling\\\/#breadcrumb\"},\"inLanguage\":\"de\",\"potentialAction\":[{\"@type\":\"ReadAction\",\"target\":[\"https:\\\/\\\/amladcykler.com\\\/de\\\/akku-fuer-elektrisches-lastenrad-bereit-fuer-den-fruehling\\\/\"]}]},{\"@type\":\"BreadcrumbList\",\"@id\":\"https:\\\/\\\/amladcykler.com\\\/de\\\/akku-fuer-elektrisches-lastenrad-bereit-fuer-den-fruehling\\\/#breadcrumb\",\"itemListElement\":[{\"@type\":\"ListItem\",\"position\":1,\"name\":\"Home\",\"item\":\"https:\\\/\\\/amladcykler.com\\\/de\\\/\"},{\"@type\":\"ListItem\",\"position\":2,\"name\":\"Akku f\u00fcr elektrisches Lastenrad &#8211; Bereit f\u00fcr den Fr\u00fchling?\"}]},{\"@type\":\"WebSite\",\"@id\":\"https:\\\/\\\/amladcykler.com\\\/de\\\/#website\",\"url\":\"https:\\\/\\\/amladcykler.com\\\/de\\\/\",\"name\":\"Amladcykler.com\",\"description\":\"Cargo bike enthusiasts, since 1992\",\"publisher\":{\"@id\":\"https:\\\/\\\/amladcykler.com\\\/de\\\/#organization\"},\"potentialAction\":[{\"@type\":\"SearchAction\",\"target\":{\"@type\":\"EntryPoint\",\"urlTemplate\":\"https:\\\/\\\/amladcykler.com\\\/de\\\/?s={search_term_string}\"},\"query-input\":{\"@type\":\"PropertyValueSpecification\",\"valueRequired\":true,\"valueName\":\"search_term_string\"}}],\"inLanguage\":\"de\"},{\"@type\":\"Organization\",\"@id\":\"https:\\\/\\\/amladcykler.com\\\/de\\\/#organization\",\"name\":\"Andersen & Meldgaard A\\\/S\",\"url\":\"https:\\\/\\\/amladcykler.com\\\/de\\\/\",\"logo\":{\"@type\":\"ImageObject\",\"inLanguage\":\"de\",\"@id\":\"https:\\\/\\\/amladcykler.com\\\/de\\\/#\\\/schema\\\/logo\\\/image\\\/\",\"url\":\"https:\\\/\\\/amladcykler.com\\\/wp-content\\\/uploads\\\/2025\\\/03\\\/Amladcykler.com-logo-1025x1025-Uden-baggrund.png\",\"contentUrl\":\"https:\\\/\\\/amladcykler.com\\\/wp-content\\\/uploads\\\/2025\\\/03\\\/Amladcykler.com-logo-1025x1025-Uden-baggrund.png\",\"width\":1025,\"height\":1025,\"caption\":\"Andersen & Meldgaard A\\\/S\"},\"image\":{\"@id\":\"https:\\\/\\\/amladcykler.com\\\/de\\\/#\\\/schema\\\/logo\\\/image\\\/\"},\"sameAs\":[\"https:\\\/\\\/www.facebook.com\\\/ladcykel\",\"https:\\\/\\\/x.com\\\/amladcykler\",\"https:\\\/\\\/www.linkedin.com\\\/company\\\/amladcykler\\\/\",\"https:\\\/\\\/www.youtube.com\\\/channel\\\/UCG9qwiqZHe9bDeCzHYcc0eQ\",\"https:\\\/\\\/www.instagram.com\\\/amladcykler\\\/\"]},{\"@type\":\"Person\",\"@id\":\"https:\\\/\\\/amladcykler.com\\\/de\\\/#\\\/schema\\\/person\\\/63f83fedc49aa980da4143fd2cbbf54f\",\"name\":\"Amladcykler.com\",\"image\":{\"@type\":\"ImageObject\",\"inLanguage\":\"de\",\"@id\":\"https:\\\/\\\/secure.gravatar.com\\\/avatar\\\/c4b43877bfad017d4e35bd4de5f48c0e8deb7e6ed101dda119e76dbe8f0ae1cb?s=96&d=blank&r=g\",\"url\":\"https:\\\/\\\/secure.gravatar.com\\\/avatar\\\/c4b43877bfad017d4e35bd4de5f48c0e8deb7e6ed101dda119e76dbe8f0ae1cb?s=96&d=blank&r=g\",\"contentUrl\":\"https:\\\/\\\/secure.gravatar.com\\\/avatar\\\/c4b43877bfad017d4e35bd4de5f48c0e8deb7e6ed101dda119e76dbe8f0ae1cb?s=96&d=blank&r=g\",\"caption\":\"Amladcykler.com\"}}]}<\/script>\n<!-- \/ Yoast SEO plugin. -->","yoast_head_json":{"title":"Akku f\u00fcr elektrisches Lastenrad - Bereit f\u00fcr den Fr\u00fchling? - Amladcykler.com","description":"Der Akku f\u00fcr Elektrofahrr\u00e4der nutzt sich ab wie alles andere auch. Wenn der Akku v\u00f6llig leer ist, kann das an der falschen Handhabung liegen. Hier sind einige Tipps, wie...","robots":{"index":"index","follow":"follow","max-snippet":"max-snippet:-1","max-image-preview":"max-image-preview:large","max-video-preview":"max-video-preview:-1"},"canonical":"https:\/\/amladcykler.com\/de\/akku-fuer-elektrisches-lastenrad-bereit-fuer-den-fruehling\/","og_locale":"de_DE","og_type":"article","og_title":"Akku f\u00fcr elektrisches Lastenrad - Bereit f\u00fcr den Fr\u00fchling? - Amladcykler.com","og_description":"Der Akku f\u00fcr Elektrofahrr\u00e4der nutzt sich ab wie alles andere auch. Wenn der Akku v\u00f6llig leer ist, kann das an der falschen Handhabung liegen. Hier sind einige Tipps, wie...","og_url":"https:\/\/amladcykler.com\/de\/akku-fuer-elektrisches-lastenrad-bereit-fuer-den-fruehling\/","og_site_name":"Amladcykler.com","article_publisher":"https:\/\/www.facebook.com\/ladcykel","article_published_time":"2022-01-28T13:20:11+00:00","article_modified_time":"2025-01-07T08:51:05+00:00","og_image":[{"width":1500,"height":1125,"url":"https:\/\/amladcykler.com\/wp-content\/uploads\/2020\/08\/Deluxe-UK.jpg","type":"image\/jpeg"}],"author":"Amladcykler.com","twitter_card":"summary_large_image","twitter_creator":"@amladcykler","twitter_site":"@amladcykler","twitter_misc":{"Verfasst von":"Amladcykler.com","Gesch\u00e4tzte Lesezeit":"4\u00a0Minuten"},"schema":{"@context":"https:\/\/schema.org","@graph":[{"@type":"Article","@id":"https:\/\/amladcykler.com\/de\/akku-fuer-elektrisches-lastenrad-bereit-fuer-den-fruehling\/#article","isPartOf":{"@id":"https:\/\/amladcykler.com\/de\/akku-fuer-elektrisches-lastenrad-bereit-fuer-den-fruehling\/"},"author":{"name":"Amladcykler.com","@id":"https:\/\/amladcykler.com\/de\/#\/schema\/person\/63f83fedc49aa980da4143fd2cbbf54f"},"headline":"Akku f\u00fcr elektrisches Lastenrad &#8211; Bereit f\u00fcr den Fr\u00fchling?","datePublished":"2022-01-28T13:20:11+00:00","dateModified":"2025-01-07T08:51:05+00:00","mainEntityOfPage":{"@id":"https:\/\/amladcykler.com\/de\/akku-fuer-elektrisches-lastenrad-bereit-fuer-den-fruehling\/"},"wordCount":777,"publisher":{"@id":"https:\/\/amladcykler.com\/de\/#organization"},"articleSection":["Unkategorisiert"],"inLanguage":"de"},{"@type":"WebPage","@id":"https:\/\/amladcykler.com\/de\/akku-fuer-elektrisches-lastenrad-bereit-fuer-den-fruehling\/","url":"https:\/\/amladcykler.com\/de\/akku-fuer-elektrisches-lastenrad-bereit-fuer-den-fruehling\/","name":"Akku f\u00fcr elektrisches Lastenrad - Bereit f\u00fcr den Fr\u00fchling? - Amladcykler.com","isPartOf":{"@id":"https:\/\/amladcykler.com\/de\/#website"},"datePublished":"2022-01-28T13:20:11+00:00","dateModified":"2025-01-07T08:51:05+00:00","description":"Der Akku f\u00fcr Elektrofahrr\u00e4der nutzt sich ab wie alles andere auch. Wenn der Akku v\u00f6llig leer ist, kann das an der falschen Handhabung liegen. Hier sind einige Tipps, wie...","breadcrumb":{"@id":"https:\/\/amladcykler.com\/de\/akku-fuer-elektrisches-lastenrad-bereit-fuer-den-fruehling\/#breadcrumb"},"inLanguage":"de","potentialAction":[{"@type":"ReadAction","target":["https:\/\/amladcykler.com\/de\/akku-fuer-elektrisches-lastenrad-bereit-fuer-den-fruehling\/"]}]},{"@type":"BreadcrumbList","@id":"https:\/\/amladcykler.com\/de\/akku-fuer-elektrisches-lastenrad-bereit-fuer-den-fruehling\/#breadcrumb","itemListElement":[{"@type":"ListItem","position":1,"name":"Home","item":"https:\/\/amladcykler.com\/de\/"},{"@type":"ListItem","position":2,"name":"Akku f\u00fcr elektrisches Lastenrad &#8211; Bereit f\u00fcr den Fr\u00fchling?"}]},{"@type":"WebSite","@id":"https:\/\/amladcykler.com\/de\/#website","url":"https:\/\/amladcykler.com\/de\/","name":"Amladcykler.com","description":"Cargo bike enthusiasts, since 1992","publisher":{"@id":"https:\/\/amladcykler.com\/de\/#organization"},"potentialAction":[{"@type":"SearchAction","target":{"@type":"EntryPoint","urlTemplate":"https:\/\/amladcykler.com\/de\/?s={search_term_string}"},"query-input":{"@type":"PropertyValueSpecification","valueRequired":true,"valueName":"search_term_string"}}],"inLanguage":"de"},{"@type":"Organization","@id":"https:\/\/amladcykler.com\/de\/#organization","name":"Andersen & Meldgaard A\/S","url":"https:\/\/amladcykler.com\/de\/","logo":{"@type":"ImageObject","inLanguage":"de","@id":"https:\/\/amladcykler.com\/de\/#\/schema\/logo\/image\/","url":"https:\/\/amladcykler.com\/wp-content\/uploads\/2025\/03\/Amladcykler.com-logo-1025x1025-Uden-baggrund.png","contentUrl":"https:\/\/amladcykler.com\/wp-content\/uploads\/2025\/03\/Amladcykler.com-logo-1025x1025-Uden-baggrund.png","width":1025,"height":1025,"caption":"Andersen & Meldgaard A\/S"},"image":{"@id":"https:\/\/amladcykler.com\/de\/#\/schema\/logo\/image\/"},"sameAs":["https:\/\/www.facebook.com\/ladcykel","https:\/\/x.com\/amladcykler","https:\/\/www.linkedin.com\/company\/amladcykler\/","https:\/\/www.youtube.com\/channel\/UCG9qwiqZHe9bDeCzHYcc0eQ","https:\/\/www.instagram.com\/amladcykler\/"]},{"@type":"Person","@id":"https:\/\/amladcykler.com\/de\/#\/schema\/person\/63f83fedc49aa980da4143fd2cbbf54f","name":"Amladcykler.com","image":{"@type":"ImageObject","inLanguage":"de","@id":"https:\/\/secure.gravatar.com\/avatar\/c4b43877bfad017d4e35bd4de5f48c0e8deb7e6ed101dda119e76dbe8f0ae1cb?s=96&d=blank&r=g","url":"https:\/\/secure.gravatar.com\/avatar\/c4b43877bfad017d4e35bd4de5f48c0e8deb7e6ed101dda119e76dbe8f0ae1cb?s=96&d=blank&r=g","contentUrl":"https:\/\/secure.gravatar.com\/avatar\/c4b43877bfad017d4e35bd4de5f48c0e8deb7e6ed101dda119e76dbe8f0ae1cb?s=96&d=blank&r=g","caption":"Amladcykler.com"}}]}},"_links":{"self":[{"href":"https:\/\/amladcykler.com\/de\/wp-json\/wp\/v2\/posts\/7413","targetHints":{"allow":["GET"]}}],"collection":[{"href":"https:\/\/amladcykler.com\/de\/wp-json\/wp\/v2\/posts"}],"about":[{"href":"https:\/\/amladcykler.com\/de\/wp-json\/wp\/v2\/types\/post"}],"author":[{"embeddable":true,"href":"https:\/\/amladcykler.com\/de\/wp-json\/wp\/v2\/users\/9"}],"replies":[{"embeddable":true,"href":"https:\/\/amladcykler.com\/de\/wp-json\/wp\/v2\/comments?post=7413"}],"version-history":[{"count":0,"href":"https:\/\/amladcykler.com\/de\/wp-json\/wp\/v2\/posts\/7413\/revisions"}],"wp:attachment":[{"href":"https:\/\/amladcykler.com\/de\/wp-json\/wp\/v2\/media?parent=7413"}],"wp:term":[{"taxonomy":"category","embeddable":true,"href":"https:\/\/amladcykler.com\/de\/wp-json\/wp\/v2\/categories?post=7413"},{"taxonomy":"post_tag","embeddable":true,"href":"https:\/\/amladcykler.com\/de\/wp-json\/wp\/v2\/tags?post=7413"}],"curies":[{"name":"wp","href":"https:\/\/api.w.org\/{rel}","templated":true}]}}